{"id":408,"date":"2019-01-07T20:50:16","date_gmt":"2019-01-07T19:50:16","guid":{"rendered":"https:\/\/tecnicat.cat\/nova\/web\/es\/profilegrid_blogs\/bienvenida-a-la-web-de-tecnicat\/"},"modified":"2019-01-07T20:57:26","modified_gmt":"2019-01-07T19:57:26","slug":"bienvenida-a-la-web-de-tecnicat","status":"publish","type":"profilegrid_blogs","link":"https:\/\/tecnicat.cat\/es\/profilegrid_blogs\/bienvenida-a-la-web-de-tecnicat\/","title":{"rendered":"Bienvenida a la web de Tecnicat"},"content":{"rendered":"<p>Hola a tod@s!! Como encargado de la creaci\u00f3n os doy a todas las personas afiliadas\u00a0la bienvenida a la web de Tecnicat.<\/p>\n<p>Como ver\u00e9is hemos redise\u00f1ado la web haci\u00e9ndola m\u00e1s atractiva y con nuevos apartados y secciones:<\/p>\n<p>&#8211; Sindicato: Con la informaci\u00f3n de quienes somos, proceso de afiliaci\u00f3n e informaci\u00f3n de las comisiones.<br \/>\n&#8211; Noticias: Donde se publicar\u00e1n las noticias: Internas (trayectoria), generales (p\u00fablicas) y P.E.A.T.E. (Plataforma Estatal de Asociaciones del Espect\u00e1culo).<br \/>\n&#8211; Cursos: Iremos publicando cursos y talleres referentes al \u00e1mbito del espect\u00e1culo y producci\u00f3n audiovisual.<br \/>\n&#8211; Documentos: Aqu\u00ed estar\u00e1n tanto los documentos p\u00fablico e internos. Si est\u00e1s registrado\/a deber\u00edas poder ver los documentos interno. &#8216;Mis archivos&#8217;: con tu registro podr\u00e1s subir archivos, crear carpetas y compartirlos con tus amigos\/as y tus grupos.<br \/>\n&#8211; Foros: Igualmente, si est\u00e1s registrado\/a podr\u00e1s acceder a todos los foros tanto p\u00fablicos como internos. Aqu\u00ed tambi\u00e9n se mostrar\u00e1n las diferentes encuestas que iremos creando.<br \/>\n&#8211; Backstage: Grupos de compa\u00f1eros\/as seg\u00fan su registro, Proyectos desde donde solicitaremos colaboraci\u00f3n vuestra, &#8216;Mi perfil&#8217;: Aqu\u00ed est\u00e1n tus datos de usuario\/a, contacto, grupos, mensajes, notificaciones &#8230;<br \/>\n&#8211; Contacto: Toda la informaci\u00f3n para contactar con nosotros o con alguna comisi\u00f3n.<\/p>\n<p>Espero que os guste el cambio y si veis que algo se puede mejorar o simplemente necesitas m\u00e1s informaci\u00f3n no dudes en contactar conmigo o con basededades@tecnicat.cat<\/p>","protected":false},"author":2,"featured_media":0,"comment_status":"open","ping_status":"closed","template":"","blog_tag":[],"class_list":["post-408","profilegrid_blogs","type-profilegrid_blogs","status-publish","hentry"],"jetpack_sharing_enabled":true,"jetpack_likes_enabled":false,"_links":{"self":[{"href":"https:\/\/tecnicat.cat\/es\/wp-json\/wp\/v2\/profilegrid_blogs\/408","targetHints":{"allow":["GET"]}}],"collection":[{"href":"https:\/\/tecnicat.cat\/es\/wp-json\/wp\/v2\/profilegrid_blogs"}],"about":[{"href":"https:\/\/tecnicat.cat\/es\/wp-json\/wp\/v2\/types\/profilegrid_blogs"}],"author":[{"embeddable":true,"href":"https:\/\/tecnicat.cat\/es\/wp-json\/wp\/v2\/users\/2"}],"replies":[{"embeddable":true,"href":"https:\/\/tecnicat.cat\/es\/wp-json\/wp\/v2\/comments?post=408"}],"wp:attachment":[{"href":"https:\/\/tecnicat.cat\/es\/wp-json\/wp\/v2\/media?parent=408"}],"wp:term":[{"taxonomy":"blog_tag","embeddable":true,"href":"https:\/\/tecnicat.cat\/es\/wp-json\/wp\/v2\/blog_tag?post=408"}],"curies":[{"name":"wp","href":"https:\/\/api.w.org\/{rel}","templated":true}]}}