{"id":531,"date":"2019-01-16T17:31:19","date_gmt":"2019-01-16T16:31:19","guid":{"rendered":"https:\/\/tecnicat.cat\/nova\/web\/?p=531"},"modified":"2019-02-04T14:00:14","modified_gmt":"2019-02-04T13:00:14","slug":"creacion-de-la-plataforma-p-e-a-t-e","status":"publish","type":"post","link":"https:\/\/tecnicat.cat\/es\/creacion-de-la-plataforma-p-e-a-t-e\/","title":{"rendered":"CREACI\u00d3N DE  LA PLATAFORMA P.E.A.T.E."},"content":{"rendered":"<p><\/p>\n<h3><img data-recalc-dims=\"1\" loading=\"lazy\" decoding=\"async\" class=\"wp-image-670 aligncenter\" src=\"https:\/\/i0.wp.com\/tecnicat.cat\/wp-content\/uploads\/2019\/01\/Logo-PEATE.jpeg?resize=614%2C345&#038;ssl=1\" alt=\"\" width=\"614\" height=\"345\" srcset=\"https:\/\/i0.wp.com\/tecnicat.cat\/wp-content\/uploads\/2019\/01\/Logo-PEATE.jpeg?w=1600&amp;ssl=1 1600w, https:\/\/i0.wp.com\/tecnicat.cat\/wp-content\/uploads\/2019\/01\/Logo-PEATE.jpeg?resize=300%2C169&amp;ssl=1 300w, https:\/\/i0.wp.com\/tecnicat.cat\/wp-content\/uploads\/2019\/01\/Logo-PEATE.jpeg?resize=768%2C432&amp;ssl=1 768w, https:\/\/i0.wp.com\/tecnicat.cat\/wp-content\/uploads\/2019\/01\/Logo-PEATE.jpeg?resize=1024%2C576&amp;ssl=1 1024w, https:\/\/i0.wp.com\/tecnicat.cat\/wp-content\/uploads\/2019\/01\/Logo-PEATE.jpeg?w=1476&amp;ssl=1 1476w\" sizes=\"auto, (max-width: 614px) 100vw, 614px\" \/><\/h3>\n<h3 style=\"text-align: center\"><strong>Creaci\u00f3n de la Plataforma Estatal de Asociaciones de<\/strong><\/h3>\n<h3 style=\"text-align: center\"><strong> T\u00e9cnic@s del Espect\u00e1culo (P.E.A.T.E.)<\/strong><\/h3>\n<p style=\"text-align: center\">En Madrid a 10 de diciembre de 2018, Creaci\u00f3n de la Plataforma P.E.A.T.E.<\/p>\n<p>Reunidos representantes de las asociaciones<\/p>\n<p>AATA \u2013 Andalucia. <a href=\"mailto:aata.datos@gmail.com\">aata.datos@gmail.com<\/a><\/p>\n<p>APTAEEX \u2013 Extremadura. <a href=\"mailto:aptaeex@gmail.com\">aptaeex@gmail.com<\/a> <a href=\"http:\/\/www.aptaeex.com\">www.aptaeex.com<\/a><\/p>\n<p>ATEC \u2013 Cantabria <a href=\"mailto:atec.asociacion@gmail.com\">atec.asociacion@gmail.com<\/a><\/p>\n<p>APTAMAD \u2013 Madrid <a href=\"mailto:info@aptamad.com\">info@aptamad.com<\/a> <a href=\"http:\/\/www.aptamad.com\">www.aptamad.com<\/a><\/p>\n<p>APTAECAN \u2013 Canarias <a href=\"mailto:ataecan@gmail.com\">aptaecan@gmail.com<\/a><\/p>\n<p>ATAE \u2013 Estatal. <a href=\"mailto:info@atae.org\">info@atae.org<\/a> <a href=\"http:\/\/www.atae.org\">www.atae.org<\/a><\/p>\n<p>APTAV \u2013 Galicia. <a href=\"mailto:aptaovivo@gmail.com\">aptaovivo@gmail.com<\/a><\/p>\n<p>Arag\u00f3n \u2013 <a href=\"mailto:paeavaragon@gmail.com\">paeavaragon@gmail.com<\/a><\/p>\n<p>ATEV \u2013 Comunidad Valenciana. <a href=\"http:\/\/www.atev.es\">www.atev.es<\/a><\/p>\n<p>TecnicaT \u2013 Catalu\u00f1a. <a href=\"mailto:tecnicat@tecnicat.cat\">tecnicat@tecnicat.cat<\/a> <a href=\"http:\/\/www.tecnicat.cat\">www.tecnicat.cat<\/a><\/p>\n<p>&nbsp;<\/p>\n<p><img data-recalc-dims=\"1\" loading=\"lazy\" decoding=\"async\" class=\"alignnone wp-image-532 aligncenter\" src=\"https:\/\/i0.wp.com\/tecnicat.cat\/wp-content\/uploads\/2019\/01\/WhatsApp-Image-2018-12-10-at-17.46.36.jpeg?resize=399%2C299&#038;ssl=1\" alt=\"Creacion de la Plataforma P.E.A.T.E.\" width=\"399\" height=\"299\" srcset=\"https:\/\/i0.wp.com\/tecnicat.cat\/wp-content\/uploads\/2019\/01\/WhatsApp-Image-2018-12-10-at-17.46.36.jpeg?resize=300%2C225&amp;ssl=1 300w, https:\/\/i0.wp.com\/tecnicat.cat\/wp-content\/uploads\/2019\/01\/WhatsApp-Image-2018-12-10-at-17.46.36.jpeg?resize=768%2C576&amp;ssl=1 768w, https:\/\/i0.wp.com\/tecnicat.cat\/wp-content\/uploads\/2019\/01\/WhatsApp-Image-2018-12-10-at-17.46.36.jpeg?resize=1024%2C768&amp;ssl=1 1024w, https:\/\/i0.wp.com\/tecnicat.cat\/wp-content\/uploads\/2019\/01\/WhatsApp-Image-2018-12-10-at-17.46.36.jpeg?w=1600&amp;ssl=1 1600w, https:\/\/i0.wp.com\/tecnicat.cat\/wp-content\/uploads\/2019\/01\/WhatsApp-Image-2018-12-10-at-17.46.36.jpeg?w=1476&amp;ssl=1 1476w\" sizes=\"auto, (max-width: 399px) 100vw, 399px\" \/><\/p>\n<p>&nbsp;<\/p>\n<p>Acuerdan por unanimidad una Plataforma Estatal de Asociaciones de T\u00e9cnic@s del Espect\u00e1culo con una serie de objetivos de partida para trabajar en com\u00fan.<\/p>\n<ol>\n<li>\u2013 Organizar a las diferentes asociaciones profesionales referidas al espect\u00e1culo con el fin de lograr representatividad para poder dar a conocer a los diferentes agentes sociales estatales nuestra problem\u00e1tica y propuesta de soluciones.<\/li>\n<li>\u2013 Lograr el reconocimiento profesional de l@s t\u00e9cnic@s del espect\u00e1culo a trav\u00e9s de t\u00edtulos oficiales de Formaci\u00f3n Profesional y\/o dispositivos de reconocimiento de la capacidad profesional.<\/li>\n<li>\u2013 Proponer una serie de pr\u00e1cticas adecuadas para conseguir que las relaciones entre contratantes y contratados del mundo del espect\u00e1culo sean lo m\u00e1s armoniosas, justas y fluidas posible.<\/li>\n<li>\u2013 Ofrecer una orientaci\u00f3n tanto a contratados como a contratantes a la hora de acordar las condiciones en las que se va a desempe\u00f1ar nuestra labor profesional garantizando unas condiciones dignas de trabajo.<\/li>\n<li>\u2013 Regularizar el desempe\u00f1o de las labores profesionales t\u00e9cnicas del espect\u00e1culo a trav\u00e9s de convenios, acuerdos interprofesionales y\/o estatutos espec\u00edficos.<\/li>\n<li>\u2013 Dignificar el sector para solucionar la imposibilidad en nuestra situaci\u00f3n actual de conciliar nuestra vida laboral con la social y familiar.<\/li>\n<\/ol>\n<p>&nbsp;<\/p>\n<p><img data-recalc-dims=\"1\" loading=\"lazy\" decoding=\"async\" class=\"alignnone wp-image-509 aligncenter\" src=\"https:\/\/i0.wp.com\/tecnicat.cat\/wp-content\/uploads\/2019\/01\/WhatsApp-Image-2018-12-10-at-17.46.20.jpeg?resize=400%2C225&#038;ssl=1\" alt=\"P.E.A.T.E.\" width=\"400\" height=\"225\" srcset=\"https:\/\/i0.wp.com\/tecnicat.cat\/wp-content\/uploads\/2019\/01\/WhatsApp-Image-2018-12-10-at-17.46.20.jpeg?resize=300%2C169&amp;ssl=1 300w, https:\/\/i0.wp.com\/tecnicat.cat\/wp-content\/uploads\/2019\/01\/WhatsApp-Image-2018-12-10-at-17.46.20.jpeg?resize=768%2C432&amp;ssl=1 768w, https:\/\/i0.wp.com\/tecnicat.cat\/wp-content\/uploads\/2019\/01\/WhatsApp-Image-2018-12-10-at-17.46.20.jpeg?resize=1024%2C577&amp;ssl=1 1024w, https:\/\/i0.wp.com\/tecnicat.cat\/wp-content\/uploads\/2019\/01\/WhatsApp-Image-2018-12-10-at-17.46.20.jpeg?w=1600&amp;ssl=1 1600w, https:\/\/i0.wp.com\/tecnicat.cat\/wp-content\/uploads\/2019\/01\/WhatsApp-Image-2018-12-10-at-17.46.20.jpeg?w=1476&amp;ssl=1 1476w\" sizes=\"auto, (max-width: 400px) 100vw, 400px\" \/><\/p>\n<hr \/>\n<p>&nbsp;<\/p>\n<p>&nbsp;<\/p>","protected":false},"excerpt":{"rendered":"<p>Creaci\u00f3n de la Plataforma Estatal de Asociaciones de T\u00e9cnic@s del Espect\u00e1culo (P.E.A.T.E.) En Madrid a 10 de diciembre de 2018, Creaci\u00f3n de la Plataforma P.E.A.T.E. Reunidos representantes de las asociaciones AATA \u2013 Andalucia. aata.datos@gmail.com APTAEEX \u2013 Extremadura. aptaeex@gmail.com www.aptaeex.com ATEC <a href=\"https:\/\/tecnicat.cat\/es\/creacion-de-la-plataforma-p-e-a-t-e\/\" class=\"read-more\">Leer m\u00e1s<\/a><\/p>\n","protected":false},"author":5,"featured_media":0,"comment_status":"open","ping_status":"closed","sticky":false,"template":"","format":"standard","meta":{"jetpack_post_was_ever_published":false,"_jetpack_newsletter_access":"","_jetpack_dont_email_post_to_subs":false,"_jetpack_newsletter_tier_id":0,"_jetpack_memberships_contains_paywalled_content":false,"_jetpack_memberships_contains_paid_content":false,"footnotes":"","jetpack_publicize_message":"","jetpack_publicize_feature_enabled":true,"jetpack_social_post_already_shared":true,"jetpack_social_options":{"image_generator_settings":{"template":"highway","default_image_id":0,"font":"","enabled":false},"version":2}},"categories":[1,63],"tags":[64,65,66,7],"class_list":["post-531","post","type-post","status-publish","format-standard","hentry","category-open","category-peate","tag-p-e-a-t-e","tag-peate","tag-plataforma-estatal-de-asociaciones-de-tecnics-del-espectaculo","tag-tecnicat"],"jetpack_publicize_connections":[],"jetpack_featured_media_url":"","jetpack_sharing_enabled":true,"jetpack_shortlink":"https:\/\/wp.me\/pbieXp-8z","jetpack_likes_enabled":false,"_links":{"self":[{"href":"https:\/\/tecnicat.cat\/es\/wp-json\/wp\/v2\/posts\/531","targetHints":{"allow":["GET"]}}],"collection":[{"href":"https:\/\/tecnicat.cat\/es\/wp-json\/wp\/v2\/posts"}],"about":[{"href":"https:\/\/tecnicat.cat\/es\/wp-json\/wp\/v2\/types\/post"}],"author":[{"embeddable":true,"href":"https:\/\/tecnicat.cat\/es\/wp-json\/wp\/v2\/users\/5"}],"replies":[{"embeddable":true,"href":"https:\/\/tecnicat.cat\/es\/wp-json\/wp\/v2\/comments?post=531"}],"version-history":[{"count":13,"href":"https:\/\/tecnicat.cat\/es\/wp-json\/wp\/v2\/posts\/531\/revisions"}],"predecessor-version":[{"id":683,"href":"https:\/\/tecnicat.cat\/es\/wp-json\/wp\/v2\/posts\/531\/revisions\/683"}],"wp:attachment":[{"href":"https:\/\/tecnicat.cat\/es\/wp-json\/wp\/v2\/media?parent=531"}],"wp:term":[{"taxonomy":"category","embeddable":true,"href":"https:\/\/tecnicat.cat\/es\/wp-json\/wp\/v2\/categories?post=531"},{"taxonomy":"post_tag","embeddable":true,"href":"https:\/\/tecnicat.cat\/es\/wp-json\/wp\/v2\/tags?post=531"}],"curies":[{"name":"wp","href":"https:\/\/api.w.org\/{rel}","templated":true}]}}